{"id":918,"date":"2025-03-26T13:43:07","date_gmt":"2025-03-26T13:43:07","guid":{"rendered":"https:\/\/www.barbaramarino.it\/blog\/?p=918"},"modified":"2025-03-26T13:43:07","modified_gmt":"2025-03-26T13:43:07","slug":"greta-thunberg-elon-musk-e-altri-cosa-ci-insegnano-sullautismo-ad-alto-funzionamento","status":"publish","type":"post","link":"https:\/\/www.barbaramarino.it\/blog\/greta-thunberg-elon-musk-e-altri-cosa-ci-insegnano-sullautismo-ad-alto-funzionamento\/","title":{"rendered":"Greta Thunberg, Elon Musk e altri: cosa ci insegnano sull\u2019autismo ad alto funzionamento"},"content":{"rendered":"\n<h3 class=\"wp-block-heading\"><strong>Autismo ad Alto Funzionamento: cosa significa davvero?<\/strong><\/h3>\n\n\n\n<p>Nel linguaggio comune, sentiamo sempre pi\u00f9 spesso parlare di <em>autismo ad alto funzionamento<\/em>. Ma cosa si intende davvero con questa espressione? \u00c8 una definizione scientifica? \u00c8 corretta o pu\u00f2 generare confusione?<\/p>\n\n\n\n<p>In questo articolo, cerchiamo di fare chiarezza.<\/p>\n\n\n\n<hr class=\"wp-block-separator has-alpha-channel-opacity\"\/>\n\n\n\n<h4 class=\"wp-block-heading\"><strong>Cosa si intende per \u201calto funzionamento\u201d?<\/strong><\/h4>\n\n\n\n<p>L\u2019autismo \u00e8 uno <strong>spettro<\/strong>: questo significa che <strong>pu\u00f2 manifestarsi in modi molto diversi da persona a persona<\/strong>. L\u2019espressione <em>autismo ad alto funzionamento<\/em> viene spesso usata per descrivere persone autistiche che non hanno compromissioni cognitive e che presentano un buon livello di linguaggio e autonomia.<\/p>\n\n\n\n<p>Tuttavia, questo termine <strong>non \u00e8 riconosciuto ufficialmente nei manuali diagnostici<\/strong>. Nel DSM-5 si parla di <strong>Disturbo dello Spettro Autistico<\/strong>, e viene specificato il livello di supporto necessario per ciascun individuo (livello 1, 2 o 3).<\/p>\n\n\n\n<hr class=\"wp-block-separator has-alpha-channel-opacity\"\/>\n\n\n\n<h4 class=\"wp-block-heading\"><strong>Un\u2019etichetta fuorviante?<\/strong><\/h4>\n\n\n\n<p>Parlare di \u201calto funzionamento\u201d pu\u00f2 essere fuorviante, perch\u00e9:<\/p>\n\n\n\n<ul class=\"wp-block-list\">\n<li>Pu\u00f2 <strong>sottovalutare le difficolt\u00e0 quotidiane<\/strong> che una persona affronta sul piano sociale, emotivo o sensoriale;<\/li>\n\n\n\n<li>Pu\u00f2 <strong>aumentare l\u2019aspettativa sociale<\/strong>: chi funziona \u201cbene\u201d dal punto di vista scolastico o lavorativo pu\u00f2 comunque faticare a comprendere le emozioni altrui, regolare le proprie o gestire il cambiamento;<\/li>\n\n\n\n<li>Pu\u00f2 <strong>mettere pressione su genitori e insegnanti<\/strong>, che si aspettano autonomia, quando invece c\u2019\u00e8 bisogno di supporto pi\u00f9 sottile ma profondo.<\/li>\n<\/ul>\n\n\n\n<hr class=\"wp-block-separator has-alpha-channel-opacity\"\/>\n\n\n\n<h4 class=\"wp-block-heading\"><strong>Persone famose nello spettro autistico<\/strong><\/h4>\n\n\n\n<p>Negli ultimi anni, molte personalit\u00e0 pubbliche hanno condiviso la propria diagnosi di autismo, aiutando a <strong>rompere lo stigma<\/strong> e portare maggiore consapevolezza.<\/p>\n\n\n\n<p>Ecco alcuni nomi:<\/p>\n\n\n\n<ul class=\"wp-block-list\">\n<li><strong>Albert Einstein<\/strong>, scienziato, secondo il giudizio degli storici era probabilmente un caso di autismo ad alto funzionamento<\/li>\n\n\n\n<li> <strong>Greta Thunberg<\/strong>, attivista ambientale, ha parlato apertamente della sua diagnosi di <strong>autismo di livello 1<\/strong>, definendolo il suo \u201csuperpotere\u201d.<\/li>\n\n\n\n<li><strong>Dan Aykroyd<\/strong>, attore di <em>Ghostbusters<\/em>, ha dichiarato di essere stato diagnosticato con la sindrome di Asperger.<\/li>\n\n\n\n<li><strong>Susan Boyle<\/strong>, cantante lanciata da <em>Britain&#8217;s Got Talent<\/em>, ha condiviso pubblicamente la sua diagnosi di autismo.<\/li>\n\n\n\n<li><strong>Anthony Hopkins<\/strong>, il celebre attore premio Oscar, ha raccontato di essere stato diagnosticato in et\u00e0 adulta.<\/li>\n\n\n\n<li><strong>Elon Musk<\/strong>, imprenditore e inventore, ha rivelato di essere nello spettro autistico durante una puntata di <em>Saturday Night Live<\/em>.<\/li>\n<\/ul>\n\n\n\n<p>Anche se la sindrome di Asperger \u00e8 stata assorbita sotto la definizione di Disturbo dello Spettro Autistico, molte persone continuano a usare il termine per descrivere un profilo di <strong>intelligenza nella norma o sopra la media, interessi ristretti e difficolt\u00e0 sociali<\/strong>.<\/p>\n\n\n\n<hr class=\"wp-block-separator has-alpha-channel-opacity\"\/>\n\n\n\n<h4 class=\"wp-block-heading\"><strong>Cosa possiamo fare come genitori, educatori o terapeuti?<\/strong><\/h4>\n\n\n\n<p>Chi lavora con persone autistiche, anche ad alto funzionamento, deve:<\/p>\n\n\n\n<ol class=\"wp-block-list\">\n<li><strong>Ascoltare senza giudicare<\/strong><br>Anche se un ragazzo \u00e8 verbalmente fluente, potrebbe sentirsi isolato o incompreso.<\/li>\n\n\n\n<li><strong>Sostenere lo sviluppo delle competenze sociali<\/strong>, ma con rispetto per l\u2019unicit\u00e0 della persona.<\/li>\n\n\n\n<li><strong>Accettare le differenze<\/strong> nei modi di comunicare, pensare, percepire il mondo.<\/li>\n\n\n\n<li><strong>Creare ambienti prevedibili<\/strong>, dove la persona si senta sicura e compresa.<\/li>\n\n\n\n<li><strong>Formarsi continuamente<\/strong> per adattare il proprio approccio educativo o terapeutico.<\/li>\n<\/ol>\n\n\n\n<hr class=\"wp-block-separator has-alpha-channel-opacity\"\/>\n\n\n\n<h4 class=\"wp-block-heading\"><strong>Conclusioni<\/strong><\/h4>\n\n\n\n<p>Parlare di autismo ad alto funzionamento \u00e8 utile se ci aiuta a <strong>dare visibilit\u00e0 alla diversit\u00e0<\/strong>, ma dobbiamo sempre ricordare che <strong>ogni persona \u00e8 unica<\/strong>. L&#8217;obiettivo non \u00e8 \u201cnormalizzare\u201d o \u201cnascondere\u201d le difficolt\u00e0, ma <strong>valorizzare le potenzialit\u00e0<\/strong> e <strong>offrire il giusto supporto<\/strong>.<\/p>\n\n\n\n<p>Come psicologa e analista del comportamento, nel mio studio a Torino accompagno famiglie e bambini nel percorso di comprensione, diagnosi e intervento, sempre nel rispetto della persona.<\/p>\n\n\n\n<p><\/p>\n","protected":false},"excerpt":{"rendered":"<p>Cos\u2019\u00e8 davvero l\u2019autismo ad alto funzionamento? In questo articolo approfondiamo il significato di questa espressione, i falsi miti e le sfide meno visibili. Scopriamo anche le storie di personaggi famosi come Greta Thunberg, Elon Musk e Susan Boyle, che hanno portato alla luce una visione pi\u00f9 autentica e inclusiva dello spettro autistico.<\/p>\n","protected":false},"author":1,"featured_media":919,"comment_status":"closed","ping_status":"open","sticky":false,"template":"","format":"standard","meta":{"_uag_custom_page_level_css":"","site-sidebar-layout":"default","site-content-layout":"","ast-site-content-layout":"","site-content-style":"default","site-sidebar-style":"default","ast-global-header-display":"","ast-banner-title-visibility":"","ast-main-header-display":"","ast-hfb-above-header-display":"","ast-hfb-below-header-display":"","ast-hfb-mobile-header-display":"","site-post-title":"","ast-breadcrumbs-content":"","ast-featured-img":"","footer-sml-layout":"","theme-transparent-header-meta":"","adv-header-id-meta":"","stick-header-meta":"","header-above-stick-meta":"","header-main-stick-meta":"","header-below-stick-meta":"","astra-migrate-meta-layouts":"default","ast-page-background-enabled":"default","ast-page-background-meta":{"desktop":{"background-color":"var(--ast-global-color-4)","background-image":"","background-repeat":"repeat","background-position":"center center","background-size":"auto","background-attachment":"scroll","background-type":"","background-media":"","overlay-type":"","overlay-color":"","overlay-opacity":"","overlay-gradient":""},"tablet":{"background-color":"","background-image":"","background-repeat":"repeat","background-position":"center center","background-size":"auto","background-attachment":"scroll","background-type":"","background-media":"","overlay-type":"","overlay-color":"","overlay-opacity":"","overlay-gradient":""},"mobile":{"background-color":"","background-image":"","background-repeat":"repeat","background-position":"center center","background-size":"auto","background-attachment":"scroll","background-type":"","background-media":"","overlay-type":"","overlay-color":"","overlay-opacity":"","overlay-gradient":""}},"ast-content-background-meta":{"desktop":{"background-color":"var(--ast-global-color-5)","background-image":"","background-repeat":"repeat","background-position":"center center","background-size":"auto","background-attachment":"scroll","background-type":"","background-media":"","overlay-type":"","overlay-color":"","overlay-opacity":"","overlay-gradient":""},"tablet":{"background-color":"var(--ast-global-color-5)","background-image":"","background-repeat":"repeat","background-position":"center center","background-size":"auto","background-attachment":"scroll","background-type":"","background-media":"","overlay-type":"","overlay-color":"","overlay-opacity":"","overlay-gradient":""},"mobile":{"background-color":"var(--ast-global-color-5)","background-image":"","background-repeat":"repeat","background-position":"center center","background-size":"auto","background-attachment":"scroll","background-type":"","background-media":"","overlay-type":"","overlay-color":"","overlay-opacity":"","overlay-gradient":""}},"footnotes":""},"categories":[15,10],"tags":[176,26,41],"class_list":["post-918","post","type-post","status-publish","format-standard","has-post-thumbnail","hentry","category-autismo","category-psicologia","tag-alto-funzionamento","tag-autismo","tag-psicologia"],"uagb_featured_image_src":{"full":["https:\/\/www.barbaramarino.it\/blog\/wp-content\/uploads\/2025\/03\/einstein-autismo.jpg",935,635,false],"thumbnail":["https:\/\/www.barbaramarino.it\/blog\/wp-content\/uploads\/2025\/03\/einstein-autismo-150x150.jpg",150,150,true],"medium":["https:\/\/www.barbaramarino.it\/blog\/wp-content\/uploads\/2025\/03\/einstein-autismo-300x204.jpg",300,204,true],"medium_large":["https:\/\/www.barbaramarino.it\/blog\/wp-content\/uploads\/2025\/03\/einstein-autismo-768x522.jpg",768,522,true],"large":["https:\/\/www.barbaramarino.it\/blog\/wp-content\/uploads\/2025\/03\/einstein-autismo.jpg",935,635,false],"1536x1536":["https:\/\/www.barbaramarino.it\/blog\/wp-content\/uploads\/2025\/03\/einstein-autismo.jpg",935,635,false],"2048x2048":["https:\/\/www.barbaramarino.it\/blog\/wp-content\/uploads\/2025\/03\/einstein-autismo.jpg",935,635,false]},"uagb_author_info":{"display_name":"b.marino","author_link":"https:\/\/www.barbaramarino.it\/blog\/author\/b-marino\/"},"uagb_comment_info":0,"uagb_excerpt":"Cos\u2019\u00e8 davvero l\u2019autismo ad alto funzionamento? In questo articolo approfondiamo il significato di questa espressione, i falsi miti e le sfide meno visibili. Scopriamo anche le storie di personaggi famosi come Greta Thunberg, Elon Musk e Susan Boyle, che hanno portato alla luce una visione pi\u00f9 autentica e inclusiva dello spettro autistico.","_links":{"self":[{"href":"https:\/\/www.barbaramarino.it\/blog\/wp-json\/wp\/v2\/posts\/918","targetHints":{"allow":["GET"]}}],"collection":[{"href":"https:\/\/www.barbaramarino.it\/blog\/wp-json\/wp\/v2\/posts"}],"about":[{"href":"https:\/\/www.barbaramarino.it\/blog\/wp-json\/wp\/v2\/types\/post"}],"author":[{"embeddable":true,"href":"https:\/\/www.barbaramarino.it\/blog\/wp-json\/wp\/v2\/users\/1"}],"replies":[{"embeddable":true,"href":"https:\/\/www.barbaramarino.it\/blog\/wp-json\/wp\/v2\/comments?post=918"}],"version-history":[{"count":1,"href":"https:\/\/www.barbaramarino.it\/blog\/wp-json\/wp\/v2\/posts\/918\/revisions"}],"predecessor-version":[{"id":920,"href":"https:\/\/www.barbaramarino.it\/blog\/wp-json\/wp\/v2\/posts\/918\/revisions\/920"}],"wp:featuredmedia":[{"embeddable":true,"href":"https:\/\/www.barbaramarino.it\/blog\/wp-json\/wp\/v2\/media\/919"}],"wp:attachment":[{"href":"https:\/\/www.barbaramarino.it\/blog\/wp-json\/wp\/v2\/media?parent=918"}],"wp:term":[{"taxonomy":"category","embeddable":true,"href":"https:\/\/www.barbaramarino.it\/blog\/wp-json\/wp\/v2\/categories?post=918"},{"taxonomy":"post_tag","embeddable":true,"href":"https:\/\/www.barbaramarino.it\/blog\/wp-json\/wp\/v2\/tags?post=918"}],"curies":[{"name":"wp","href":"https:\/\/api.w.org\/{rel}","templated":true}]}}