{"id":928,"date":"2025-04-07T08:00:00","date_gmt":"2025-04-07T08:00:00","guid":{"rendered":"https:\/\/www.barbaramarino.it\/blog\/?p=928"},"modified":"2025-04-06T08:55:56","modified_gmt":"2025-04-06T08:55:56","slug":"i-social-e-lautostima-consigli-pratici","status":"publish","type":"post","link":"https:\/\/www.barbaramarino.it\/blog\/i-social-e-lautostima-consigli-pratici\/","title":{"rendered":"I Social e l&#8217;Autostima: consigli pratici"},"content":{"rendered":"\n<h2 class=\"wp-block-heading\"><strong>Come difendersi dal confronto continuo<\/strong><\/h2>\n\n\n\n<p>Viviamo in un&#8217;epoca in cui <strong>confrontarsi \u00e8 inevitabile<\/strong>: bastano pochi scroll per vedere persone che viaggiano, si allenano, hanno carriere di successo e famiglie perfette.<br>Ma cosa succede alla nostra <strong>autostima<\/strong> quando questi confronti diventano la norma?<\/p>\n\n\n\n<hr class=\"wp-block-separator has-alpha-channel-opacity\"\/>\n\n\n\n<h3 class=\"wp-block-heading\">\ud83d\udd0d Perch\u00e9 ci confrontiamo?<\/h3>\n\n\n\n<p>Il <strong>confronto sociale<\/strong> \u00e8 un meccanismo psicologico naturale: serve per orientarci, per capire dove siamo e cosa vogliamo migliorare.<br>Ma sui social, <strong>non ci confrontiamo con la realt\u00e0<\/strong>, bens\u00ec con <strong>una versione filtrata<\/strong> della realt\u00e0.<\/p>\n\n\n\n<p>\ud83d\udc49 Gli altri mostrano solo i momenti migliori.<br>\ud83d\udc49 Noi, per\u00f2, confrontiamo quelle immagini con il nostro <strong>quotidiano imperfetto<\/strong>.<\/p>\n\n\n\n<hr class=\"wp-block-separator has-alpha-channel-opacity\"\/>\n\n\n\n<h3 class=\"wp-block-heading\">\u26a0\ufe0f I rischi per l\u2019autostima<\/h3>\n\n\n\n<ul class=\"wp-block-list\">\n<li><strong>Senso di inadeguatezza<\/strong> (\u201cIo non sono abbastanza\u2026\u201d)<\/li>\n\n\n\n<li><strong>Ansia da prestazione<\/strong> (\u201cDevo fare di pi\u00f9, subito\u201d)<\/li>\n\n\n\n<li><strong>Difficolt\u00e0 a godersi i propri risultati<\/strong> (\u201cGli altri fanno meglio\u201d)<\/li>\n<\/ul>\n\n\n\n<p>Questi effetti sono ancora pi\u00f9 forti nei momenti di fragilit\u00e0, fatica o stanchezza.<\/p>\n\n\n\n<hr class=\"wp-block-separator has-alpha-channel-opacity\"\/>\n\n\n\n<h3 class=\"wp-block-heading\">\ud83e\udde0 Cosa possiamo fare?<\/h3>\n\n\n\n<h4 class=\"wp-block-heading\">1. <strong>Diventa consapevole<\/strong><\/h4>\n\n\n\n<p>Inizia a notare <strong>quando<\/strong> ti confronti.<br>Dopo aver visto una storia su Instagram, ti senti pi\u00f9 ispirato o pi\u00f9 frustrato?<\/p>\n\n\n\n<h4 class=\"wp-block-heading\">2. <strong>Scegli cosa vedere<\/strong><\/h4>\n\n\n\n<p>Segui profili che ti ispirano davvero, che mostrano anche <strong>la fatica<\/strong>, non solo il risultato.<\/p>\n\n\n\n<h4 class=\"wp-block-heading\">3. <strong>Limita l\u2019esposizione<\/strong><\/h4>\n\n\n\n<p>Prenditi momenti \u201coff\u201d. Non \u00e8 disconnessione, \u00e8 <strong>cura mentale<\/strong>.<\/p>\n\n\n\n<h4 class=\"wp-block-heading\">4. <strong>Allena la gratitudine<\/strong><\/h4>\n\n\n\n<p>Ogni giorno, scrivi tre cose che apprezzi di te stesso o della tua vita. Aiuta a <strong>riequilibrare la percezione<\/strong>.<\/p>\n\n\n\n<h4 class=\"wp-block-heading\">5. <strong>Ricorda: sei pi\u00f9 di quello che mostri<\/strong><\/h4>\n\n\n\n<p>La tua autostima non si misura in like.<\/p>\n\n\n\n<hr class=\"wp-block-separator has-alpha-channel-opacity\"\/>\n\n\n\n<h3 class=\"wp-block-heading\">\u270d\ufe0f In conclusione<\/h3>\n\n\n\n<p>I social fanno parte della nostra vita, ma <strong>non devono guidarla<\/strong>.<br>Il confronto pu\u00f2 essere uno stimolo, ma solo se viene visto con occhi lucidi.<br><strong>Tutelare la propria autostima \u00e8 un atto di rispetto verso s\u00e9 stessi.<\/strong><\/p>\n\n\n\n<hr class=\"wp-block-separator has-alpha-channel-opacity\"\/>\n\n\n\n<p>\u2712\ufe0f <em>Sono Barbara Marino, psicologa con approccio cognitivo-comportamentale, e lavoro con persone che desiderano affrontare l\u2019ansia e migliorare la qualit\u00e0 della loro vita.<br>Nel mio studio a Torino offro:<\/em><\/p>\n\n\n\n<ul class=\"wp-block-list\">\n<li><em>Ascolto senza giudizio<\/em><\/li>\n\n\n\n<li><em>Percorsi personalizzati basati su tecniche scientificamente validate<\/em><\/li>\n<\/ul>\n\n\n\n<p>\ud83d\udce9 <em>Se vuoi saperne di pi\u00f9 o prenotare un colloquio, contattami: il primo passo verso una vita pi\u00f9 serena inizia da qui.<\/em><\/p>\n","protected":false},"excerpt":{"rendered":"<p>Come difendersi dal confronto continuo Viviamo in un&#8217;epoca in cui confrontarsi \u00e8 inevitabile: bastano pochi scroll per vedere persone che [&hellip;]<\/p>\n","protected":false},"author":1,"featured_media":930,"comment_status":"closed","ping_status":"open","sticky":false,"template":"","format":"standard","meta":{"_uag_custom_page_level_css":"","site-sidebar-layout":"default","site-content-layout":"","ast-site-content-layout":"","site-content-style":"default","site-sidebar-style":"default","ast-global-header-display":"","ast-banner-title-visibility":"","ast-main-header-display":"","ast-hfb-above-header-display":"","ast-hfb-below-header-display":"","ast-hfb-mobile-header-display":"","site-post-title":"","ast-breadcrumbs-content":"","ast-featured-img":"","footer-sml-layout":"","theme-transparent-header-meta":"","adv-header-id-meta":"","stick-header-meta":"","header-above-stick-meta":"","header-main-stick-meta":"","header-below-stick-meta":"","astra-migrate-meta-layouts":"default","ast-page-background-enabled":"default","ast-page-background-meta":{"desktop":{"background-color":"var(--ast-global-color-4)","background-image":"","background-repeat":"repeat","background-position":"center center","background-size":"auto","background-attachment":"scroll","background-type":"","background-media":"","overlay-type":"","overlay-color":"","overlay-opacity":"","overlay-gradient":""},"tablet":{"background-color":"","background-image":"","background-repeat":"repeat","background-position":"center center","background-size":"auto","background-attachment":"scroll","background-type":"","background-media":"","overlay-type":"","overlay-color":"","overlay-opacity":"","overlay-gradient":""},"mobile":{"background-color":"","background-image":"","background-repeat":"repeat","background-position":"center center","background-size":"auto","background-attachment":"scroll","background-type":"","background-media":"","overlay-type":"","overlay-color":"","overlay-opacity":"","overlay-gradient":""}},"ast-content-background-meta":{"desktop":{"background-color":"var(--ast-global-color-5)","background-image":"","background-repeat":"repeat","background-position":"center center","background-size":"auto","background-attachment":"scroll","background-type":"","background-media":"","overlay-type":"","overlay-color":"","overlay-opacity":"","overlay-gradient":""},"tablet":{"background-color":"var(--ast-global-color-5)","background-image":"","background-repeat":"repeat","background-position":"center center","background-size":"auto","background-attachment":"scroll","background-type":"","background-media":"","overlay-type":"","overlay-color":"","overlay-opacity":"","overlay-gradient":""},"mobile":{"background-color":"var(--ast-global-color-5)","background-image":"","background-repeat":"repeat","background-position":"center center","background-size":"auto","background-attachment":"scroll","background-type":"","background-media":"","overlay-type":"","overlay-color":"","overlay-opacity":"","overlay-gradient":""}},"footnotes":""},"categories":[10],"tags":[62,65,101,92,41],"class_list":["post-928","post","type-post","status-publish","format-standard","has-post-thumbnail","hentry","category-psicologia","tag-ansia","tag-attacchi-di-panico","tag-barbara-marino","tag-benessere-emotivo","tag-psicologia"],"uagb_featured_image_src":{"full":["https:\/\/www.barbaramarino.it\/blog\/wp-content\/uploads\/2025\/04\/social-e-autostima.webp",1024,1024,false],"thumbnail":["https:\/\/www.barbaramarino.it\/blog\/wp-content\/uploads\/2025\/04\/social-e-autostima-150x150.webp",150,150,true],"medium":["https:\/\/www.barbaramarino.it\/blog\/wp-content\/uploads\/2025\/04\/social-e-autostima-300x300.webp",300,300,true],"medium_large":["https:\/\/www.barbaramarino.it\/blog\/wp-content\/uploads\/2025\/04\/social-e-autostima-768x768.webp",768,768,true],"large":["https:\/\/www.barbaramarino.it\/blog\/wp-content\/uploads\/2025\/04\/social-e-autostima.webp",1024,1024,false],"1536x1536":["https:\/\/www.barbaramarino.it\/blog\/wp-content\/uploads\/2025\/04\/social-e-autostima.webp",1024,1024,false],"2048x2048":["https:\/\/www.barbaramarino.it\/blog\/wp-content\/uploads\/2025\/04\/social-e-autostima.webp",1024,1024,false]},"uagb_author_info":{"display_name":"b.marino","author_link":"https:\/\/www.barbaramarino.it\/blog\/author\/b-marino\/"},"uagb_comment_info":0,"uagb_excerpt":"Come difendersi dal confronto continuo Viviamo in un&#8217;epoca in cui confrontarsi \u00e8 inevitabile: bastano pochi scroll per vedere persone che [&hellip;]","_links":{"self":[{"href":"https:\/\/www.barbaramarino.it\/blog\/wp-json\/wp\/v2\/posts\/928","targetHints":{"allow":["GET"]}}],"collection":[{"href":"https:\/\/www.barbaramarino.it\/blog\/wp-json\/wp\/v2\/posts"}],"about":[{"href":"https:\/\/www.barbaramarino.it\/blog\/wp-json\/wp\/v2\/types\/post"}],"author":[{"embeddable":true,"href":"https:\/\/www.barbaramarino.it\/blog\/wp-json\/wp\/v2\/users\/1"}],"replies":[{"embeddable":true,"href":"https:\/\/www.barbaramarino.it\/blog\/wp-json\/wp\/v2\/comments?post=928"}],"version-history":[{"count":2,"href":"https:\/\/www.barbaramarino.it\/blog\/wp-json\/wp\/v2\/posts\/928\/revisions"}],"predecessor-version":[{"id":932,"href":"https:\/\/www.barbaramarino.it\/blog\/wp-json\/wp\/v2\/posts\/928\/revisions\/932"}],"wp:featuredmedia":[{"embeddable":true,"href":"https:\/\/www.barbaramarino.it\/blog\/wp-json\/wp\/v2\/media\/930"}],"wp:attachment":[{"href":"https:\/\/www.barbaramarino.it\/blog\/wp-json\/wp\/v2\/media?parent=928"}],"wp:term":[{"taxonomy":"category","embeddable":true,"href":"https:\/\/www.barbaramarino.it\/blog\/wp-json\/wp\/v2\/categories?post=928"},{"taxonomy":"post_tag","embeddable":true,"href":"https:\/\/www.barbaramarino.it\/blog\/wp-json\/wp\/v2\/tags?post=928"}],"curies":[{"name":"wp","href":"https:\/\/api.w.org\/{rel}","templated":true}]}}